{"id":3499,"global_id":"www.ursheld.ch\/ursheld?id=3499","global_id_lineage":["www.ursheld.ch\/ursheld?id=3499"],"author":"2","status":"publish","date":"2017-12-12 14:17:13","date_utc":"2017-12-12 13:17:13","modified":"2018-10-19 09:09:58","modified_utc":"2018-10-19 07:09:58","url":"https:\/\/www.ursheld.ch\/ursheld\/event\/sat-sang-aufwachen-heilung-freiheit-sich-selber-sein-5\/","rest_url":"https:\/\/www.ursheld.ch\/ursheld\/wp-json\/tribe\/events\/v1\/events\/3499","title":"DU  BIST    \u2013   Freiheit  .  Liebe  .  Weisheit  .  Gewahrsein","description":"<p><strong>Entfalte\u00a0die Sch\u00f6nheit des reinen Bewusstsein<\/strong><\/p>\n<h3><strong>Satsang &#8211; Sich einlassen auf die Wirklichkeit &#8211; Sein in der Wahrheit\u00a0<\/strong><\/h3>\n<p><strong>Spirituelles Erwachen &#8211; Heilen &#8211; Potenzialentfaltung &#8211;\u00a0Lebensaufgabe &#8211; JA! zum Leben &#8211; sich selber sein<\/strong><\/p>\n<p>&nbsp;<\/p>\n<p><strong>Dieses intensive Wochenende (mit individuellem Verl\u00e4ngerungs-Montag)<\/strong> \u00a0in Stille und Klarheit ist f\u00fcr alle Menschen geeignet, die<\/p>\n<ul>\n<li>den Wunsch nach <strong>Verwirklichung wahrer Freiheit<\/strong> und <strong>der einen Wahrheit\/Wirklichkeit<\/strong>\u00a0in sich tragen<\/li>\n<li>auf allen Ebenen des Menschseins <strong>spirituell erwachen, sich selber sein und integrale Heilun<\/strong>g erfahren wollen<\/li>\n<li><strong>sich selber als Liebe<\/strong> (F\u00fclle), <strong>Leere<\/strong> (Weisheit) und <strong>Gewahrsein<\/strong> (Bewusstsein) erfahren m\u00f6chten<\/li>\n<li><strong>ihren inneren Weg finden <\/strong>und einen <strong>tiefen\u00a0pers\u00f6nlichen Wandel<\/strong> vollziehen wollen<\/li>\n<li><strong>sich aus der Illusion<\/strong> des allgemein g\u00fcltigen Realit\u00e4tsbewusstseins <strong>befreien<\/strong> m\u00f6chten<\/li>\n<li>in allen <strong>Lebensbereichen Klarheit und Umsetzungskraft aus dem Urgrund des Seins<\/strong> erlangen wollen<\/li>\n<\/ul>\n<p align=\"LEFT\">Wenn Du eine Resonanz zu den Themen hast, bist Du herzlich willkommen, <strong>Dich ganz auf die eine Wirklichkeit einzulassen<\/strong>. Lass Dich immer wieder in die Stille f\u00fchren und <strong>erfahre dich in der Tiefe der einen Quelle<\/strong>. Da wo keine Konzepte, Konditionierungen oder Glaubenss\u00e4tze mehr sind. Nicht einmal mehr Du tauchst da auf. Da kannst Du erfahren, dass auch <strong>Du in Wahrheit, Liebe, Leere und Gewahrsein bist <\/strong>und alles da ist was Du brauchst.<\/p>\n<p align=\"LEFT\">Die Themen <strong>totale\u00a0Befreiung \/ Aufwachen stehen im Zentrum.<\/strong>\u00a0Selbsterm\u00e4chtigung, Heilung, innerer Pers\u00f6nlichkeitswandel, sowie erkennen deines reinen Potenzials werden integraler Bestandteil dieses Satsangs sein. Im t\u00e4glichen Leben &#8211; aus dem Urgrund des Seins &#8211; deine\u00a0Lebenstr\u00e4ume verwirklichen, kann so auf nat\u00fcrliche Weise entfalten und sein. Dieses Ja! zum Leben und Umsetzen dieser aus dem Selbst auftauchenden Ideen und Visionen ist mit Selbsterm\u00e4chtigung gemeint.<\/p>\n<h3><\/h3>\n<p>&nbsp;<\/p>\n<p><strong>Satsanggeb\u00fchren f\u00fcr das Wochenende:<\/strong><\/p>\n<ul>\n<li>Freitag Abend, Samstag und Sonntag \u00a0 Sfr. 390.-<\/li>\n<li>Freitag Abend bis Montag \u00a0 \u00a0 \u00a0Sfr. 450.-<\/li>\n<\/ul>\n<p><strong>Special: \u00a0Das Wochenende kann zur Zeit auch Tageweise besucht werden. <\/strong><\/p>\n<ul>\n<li>Abendpauschale Freitag \u00a0 \u00a0Sfr. \u00a0 \u00a045.-<\/li>\n<li>Tagespauschale Samstag \u00a0 Sfr. 220.-<\/li>\n<li>Tagespauschale Sonntag \u00a0 Sfr. 200.-<\/li>\n<li>Tagespauschale Montag \u00a0 \u00a0Sfr. 120.-<\/li>\n<\/ul>\n<h3><\/h3>\n<h3><strong>&#8222;Nur die Stille ist die Quelle jeder grossen Kraft.&#8220; (F. M. Dostojewski)<\/strong><\/h3>\n<h4><strong>Organisatorisches \/ Seminarablauf:<\/strong><\/h4>\n<p><strong>Freitag Abend <\/strong>Satsang von <strong>19 bis 21 Uhr<\/strong><\/p>\n<p><strong>Am Samstag treffen wir uns drei mal.<\/strong>\u00a0Der Tag beginnt mit heilendem Yoga, Selbstergr\u00fcndung oder einer Stille-Meditation (im Sitzen oder Gehen) im Sinne der Kontemplation <strong>von 8.00 bis ca. 8.45<\/strong>. Anschliessend kann man sich ein leichtes Fr\u00fchst\u00fcck genehmigen. Wir treffen uns wieder <strong>von 9.45-12.15.\u00a0<\/strong>Die Mittagspause \u00a0ist von ca. 12.15 bis 15Uhr (Kochen und Verpflegung individuell und selber zu gestalten. Kochgelegenheiten vorhanden). <strong>Von 15.00 &#8211; 18.30<\/strong> Uhr kommen wir wieder zusammen. Der Abend ist frei\u00a0(Kochen und Verpflegung individuell und selber zu gestalten). <strong>In der Mittagspause\u00a0und Abends k\u00f6nnen Sie f\u00fcr sich sein oder mit anderen Teilnehmern vertiefende \u00dcbungen machen.\u00a0<\/strong>Urs Held steht Ihnen in diesen Zeiten nach Absprache und Verf\u00fcgbarkeit auch f\u00fcr erg\u00e4nzende Einzelsitzungen zur Verf\u00fcgung. <strong>Die kraft- und ruhespendende Umgebung l\u00e4dt zum Spazieren oder Verweilen ein.<\/strong><\/p>\n<p><strong>Am Sonntag treffen wir uns drei mal<\/strong>.\u00a0Der Tag beginnt mit einer Stille-Meditation (im Sitzen oder Gehen) im Sinne der Kontemplation <strong>von 8.00 bis ca. 8.45<\/strong>. Anschliessend kann man sich \u00a0ein leichtes Fr\u00fchst\u00fcck genehmigen. Wir treffen uns wieder <strong>von 10.15 bis 16.30 Uhr. <\/strong>Ca. 12.30 wird es eine dreiviertelst\u00fcndige Kaffee- und Teepause mit Snacks geben.<\/p>\n<p><strong>Der\u00a0Montag gilt\u00a0als Verl\u00e4ngerungstag und wir treffen wir uns zwei mal<\/strong>. Der Tag beginnt mit heilendem Yoga, Selbstergr\u00fcndung oder einer Stille-Meditation (im Sitzen oder Gehen) im Sinne der Kontemplation <strong>von 8.00 bis ca. 8.45<\/strong>. Anschliessend kann man sich \u00a0ein leichtes Fr\u00fchst\u00fcck genehmigen. Wir treffen uns wieder <strong>von 10.00 bis ca. 13.30 Uhr. <\/strong>Ca. 12.00 wird es eine kurze Kaffee- und Teepause mit Snacks geben.<\/p>\n<h4><\/h4>\n<h4><strong>Unterkunft und Verpflegung:<\/strong><\/h4>\n<p><strong>Kaffee, Tee und Pausenverpflegung ist im Preis inbegriffen. <\/strong>Die Unterkunft nicht inbegriffen. Empfohlen wird eine Unterkunft <strong>im Haus zur Stille\u00a0<\/strong>(Platz 219)<strong> oder im Haus zur Mitte<\/strong>\u00a0(Platz 221) oder in B&amp;B&#8217;s in der N\u00e4he des Seminarortes.<\/p>\n<p><strong>Die Appartements und\u00a0Zimmer <\/strong>(K\u00fcchen vorhanden) k\u00f6nnen Sie einsehen unter<strong> <a href=\"http:\/\/www.raumfuersich.ch\/traeume-und-visionen\/\">raumfuersich221<\/a>\u00a0<\/strong>und<strong> <a href=\"http:\/\/www.raumfuersich.ch\/herzoeffnung-sich-selber-sein\/\">raumfuersich219<\/a>. Die Zimmer werden f\u00fcr das Retreat leicht umgestaltet und k\u00f6nnen auf Wunsch teilweise als kosteng\u00fcnstige Mehrbettzimmer angeboten. <\/strong>Am Sonntagmorgen sind vor 10.30 Uhr, die Bettw\u00e4sche, die Handt\u00fccher und der Abfall zur Sammelstelle zu bringen. Die Zimmer sind ger\u00e4umt und besenrein zu hinterlassen. Bereits hier besten Dank f\u00fcr Ihre Mithilfe.<\/p>\n<p><strong>Alle Teilnehmer erhalten <\/strong>auf den normalerweise g\u00fcltigen<strong> \u00dcbernachtungspreisen ca. 10 %<\/strong> <strong>Rabatt. <\/strong>Je nach Zimmerkategorien. So werden dann \u00dcbernachtungspreise ab ca. Sfr. 40.- ff. im Mehrbettzimmer m\u00f6glich. Einzelzimmer sind\u00a0nur beschr\u00e4nkt vorhanden. <strong>Eine definitive Einteilung der Zimmer erfolgt bis zum Verantstaltungsbeginn.<\/strong> Urs Held nimmt mit Freude Ihre W\u00fcnsche entgegen und ist gerne beratend f\u00fcr Sie da. Auch f\u00fcr eine Unterkunft ausserhalb des Zentrums &#8222;Kraftquelle Platz 440&#8220;.<\/p>\n<p>&nbsp;<\/p>\n<p><strong>Urs Held freut sich auf Sie. In Einheit, Verbundenheit und Liebe.<\/strong><\/p>\n<p>&nbsp;<\/p>\n<p><strong>! Anmeldung und Fragen an Urs Held \/ urs@ursheld.ch \/ 079 753 53 05 oder unter <a href=\"https:\/\/www.ursheld.ch\/ursheld\/kontakt-2\/\">&#8222;Kontakt&#8220;<\/a><\/strong><\/p>\n<p>&nbsp;<\/p>\n<p><strong>M\u00f6gliche Themen f\u00fcr Dich:<\/strong><\/p>\n<h3>\u201eDie Wahrheit des eigenen Selbst als alleinige Realit\u00e4t zu erkennen, mit ihr zu verschmelzen und eins zu werden \u2013 das ist die einzige wahre Realisation\u201c \u00a0\u00a0(Ramana Maharshi)<\/h3>\n<p><strong>A: &#8222;Erkenne dich selbst&#8220; &#8211; aus der Eingrenzung des Ich in die Wirklichkeit des Selbst (Aufwachen)<\/strong><\/p>\n<ul>\n<li>Bei sich selber ankommen &#8211; Reise in die Unendlichkeit des g\u00f6ttlichen Urgrundes &#8211; Entdeckung der Wirklichkeit<\/li>\n<li>Sie erhalten Antworten zu den Fragen &#8222;wer bin ich?&#8220; &#8211; &#8222;warum bin ich hier?&#8220; &#8211; &#8222;wohin gehe ich?&#8220;<\/li>\n<li>Sich selber als Liebe und Licht, Gl\u00fcck und Freude, Frieden und F\u00fclle erfahren<\/li>\n<li>Wir wenden verschiedene Methodenelemente aus Advaita, ZEN, Kontemplation und den sieben Schritten zum Aufwachen nach Christian Meyer an<\/li>\n<li><strong>Diese Ebene ist f\u00fcr alle geeignet, die sich nach Transzendenz-Erfahrungen, Mystik und spirituellem Erwachen \/ Aufwachen sehnen<\/strong><\/li>\n<\/ul>\n<p>&nbsp;<\/p>\n<h3>&#8222;Wahre Heilung kann nur mit dem spirituellen Erwachen geschehen&#8220; (Eckhart Tolle)<\/h3>\n<p><strong>B: &#8222;Sei was du bist&#8220; &#8211; heile Dich selbst (Selbstheilung)<\/strong><\/p>\n<ul>\n<li><strong>Selbstheilung<\/strong> mit dem Ziel vollkommenere Gesundheit und Wohlbefinden auf k\u00f6rperlicher, mentaler, emotionaler und geistiger Ebene<\/li>\n<li><strong>HeilerIn: Heile Dich Selbst<\/strong> &#8211; Du arbeitest bereits als Heiler oder Heilerin und m\u00f6chtest Dich weiter entfalten?<\/li>\n<li>Du hast das Gef\u00fchl oder die Sehnsucht, <strong>Deine Heilkr\u00e4fte f\u00fcr Dich und andere zu \u00f6ffnen?<\/strong><\/li>\n<li>Urs Held wendet verschiedene energetische Heilweisen und Bereiche aus der Bewusstseins- und Informationsfeldmedizin an. Durch R\u00fcck-Verbindung ans g\u00f6ttliche Ursprungsfeld kann Heilung geschehen und ein R\u00fcck-Erinnern an verborgene Heilf\u00e4higkeiten wird m\u00f6glich.<\/li>\n<li>Eckhart Tolle: &#8222;Die Kunst, des inneren K\u00f6rpers gewahr zu sein, wird sich zu einer ganz neuen Lebensweise entwickeln. Einem Zustand st\u00e4ndiger Verbundenheit mit dem Sein. Das wird Deinem Leben eine bisher nie gekannte Tiefe verleihen.&#8220;<\/li>\n<li><strong>Diese Ebene ist f\u00fcr alle geeignet, die sich nach Heilung, Gesundheit und Wohlbefinden sehnen oder selber als HeilerIn t\u00e4tig sind oder sich ganz generell zum Heilen hingezogen f\u00fchlen<\/strong><\/li>\n<\/ul>\n<p>&nbsp;<\/p>\n<h3>&#8222;Reines Bewusstsein ist Dein wahres Potenzial &#8211; entdecke und lebe es&#8220; (Deepak Chopra)<\/h3>\n<p><strong>C: &#8222;H\u00f6re auf dein Herz&#8220; &#8211; entdecke deine Lebensaufgabe &#8211; entfalte, entwickle und lebe dein g\u00f6ttliches Potenzial<\/strong><\/p>\n<ul>\n<li><strong>Reise zu sich selbst:<\/strong> wahres Potenzial entdecken, entfalten und anwenden, individuelle Standortbestimmung gem\u00e4ss Lebensrad, Kl\u00e4rung von eigenem Status, Anerkennung\/Erfolg, mehr Einfachheit u.a.<\/li>\n<li><strong>Verzauberung im Sinne von Staunen:<\/strong> Erfahrungen von \u00dcbersinnlichem, Paranormales, Magisches<\/li>\n<li>Wir wenden <strong>Integrales Mind Training<\/strong> (Elemente aus Achtsamkeitsmeditationen &#8211; Selbsthypnose &#8211; Quantenheilung &#8211; Entspannungstechniken &#8211; K\u00f6rperarbeit &#8211; Energiearbeit &#8211; Bewusstseinsentwicklungsprozesse und Gestalttherapie) an<\/li>\n<li>Diese Ebene ist f\u00fcr alle geeignet, die sich danach sehnen, Ihren eigenen Herzensweg zu entdecken und ihre Visionen und Lebenstr\u00e4ume verwirklichen wollen<\/li>\n<\/ul>\n<p>&nbsp;<\/p>\n<h3>&#8222;Unsere wesentlichen Probleme k\u00f6nnen wir nicht mit derselben Denkweise l\u00f6sen, mit der wir sie verursacht haben&#8220; (Albert Einstein)<\/h3>\n<p><strong>D: &#8222;JA! zum Leben &#8211; JA! zu Dir&#8220; &#8211; ohne Verstrickungen ein freies und gl\u00fcckliches Leben leben<\/strong><\/p>\n<ul>\n<li><strong>Festigkeit:<\/strong> Orientierung, Hilfestellung in der Lebensf\u00fchrung, Strukturierung des Alltags, Bestimmtheit und Klarheit;<\/li>\n<li><strong>Gemeinschaft:<\/strong> meine Rolle im sozialen Bezugssystem, &#8222;Ethik der Liebe&#8220;<\/li>\n<li>Wir wenden <strong>verschiedene Formen der Aufstellungsarbeit \u00fcber die Bewegung der Seele und des Geistes<\/strong> an. Eine geheilte Ahnenreihe, Ihr richtiger Platz in den Systemen und eine kosmische R\u00fcckverbindung zur ersten Inkarnation ihrer Seele sind grossartige Voraussetzungen f\u00fcr ein erf\u00fclltes Leben.<\/li>\n<li><strong>Diese Ebene ist f\u00fcr alle geeignet, die sich nach einem freien und gl\u00fccklichen Leben ohne Verstrickungen sehnen<\/strong><\/li>\n<\/ul>\n<p>&nbsp;<\/p>\n<h4><strong>Pers\u00f6nliche Vorlieben und Resonanzen:<\/strong><\/h4>\n<p><strong>Sie bestimmen selber,<\/strong> in welchem Bereich sie sich mehrheitlich aufhalten und wandeln wollen. <strong>Der innere und der \u00e4ussere Raum f\u00fcr diese Individualit\u00e4t ist in der Gruppe von max. 12 TeilnehmerInnen gegeben.<\/strong> Durch die Pr\u00e4senz, die Erfahrung und das integrale Wirken von Urs Held werden Sie auf allen Ebenen Ihres Seins ber\u00fchrt und erfahren Heilung auf verschiedenen Ebenen. Ihre Selbstheilungskr\u00e4fte, Intuition und Herz\u00f6ffnung kommen so wie von alleine zur Wirkungskraft. <strong>Jeder TeilnehmerIn erh\u00e4lt w\u00e4hrend des Gruppensettings verschiedene kurze, wirksame Heilungen in seinem Energie- und Informationsfeld.\u00a0<\/strong><\/p>\n<p>&nbsp;<\/p>\n<p><strong>Sie entdecken<\/strong>\u00a0(anfangs unter Anleitung) direkt aus Ihrer eigenen inneren Weisheit <strong>Ihren eigenen Schl\u00fcssel zu einem wahrhaften und gl\u00fccklichen Leben.<\/strong> Gruppenheilungen, integral wirkende \u00dcbungen in Form von Selbsterfahrung aus verschiedenen spirituellen Richtungen (Advaita, Kontemplation, ZEN), systemisches Coaching, verschiedenen Heilmethoden und Systemaufstellungen aus der Bewegung der Seele und des Geistes finden t\u00e4glich statt. Ein f\u00fcr einander da sein in kleinen Gruppen <strong>potenziert den Wandlungsprozess. Selbsterkenntnis und Heilung in immer tieferen Schichten runden den pers\u00f6nlichen Wandel ab.<\/strong><\/p>\n<p>&nbsp;<\/p>\n<p><strong>Bringen Sie Mut, Offenheit und Hingabe, Gelassenheit und Neugier, Freude und Pr\u00e4senz mit<\/strong>. Wandlung wird dann wie von alleine geschehen. <strong>Es geht hier wirklich um das &#8222;lassen&#8220;. Das radikale loslassen des trennenden Ich<\/strong>. Nur so geschieht wahre Heilung am Ursprung und Einheit, Verbundenheit und Liebe f\u00fcr das was ist, wird erfahren. Nur so erkennen auch Sie, dass alles was sie sich w\u00fcnschen, auf einer tieferen Ebene schon da ist. <strong>Nur so fallen auch sie aus der Eingrenzung des Ich in die Wirklichkeit des Selbst und damit in das unmittelbare Leben. Direkt in den Alltag. <\/strong>So wie er sich Ihnen<strong> neu <\/strong>zeigen wird.<\/p>\n<p>&nbsp;<\/p>\n<p><strong>Das heilende Feld der R\u00e4ume und Umgebung wird Heilung und Erkenntnis auch auf tieferen Ebenen unterst\u00fctzen<\/strong> und sich auf die gesamte Gruppe \u00fcbertragen. <strong>Vertiefende Einzelsitzungen<\/strong> (Systemisches Coaching, integrales Heilen und spirituell-psychologisch orientierte Therapie) k\u00f6nnen bei Urs Held abends oder \u00fcber Mittag gebucht werden.<\/p>\n<p>&nbsp;<\/p>\n<p><strong>! Anmeldung und Fragen an Urs Held \/ urs@ursheld.ch \/ 079 753 53 05 oder unter <a href=\"https:\/\/www.ursheld.ch\/ursheld\/kontakt-2\/\">&#8222;Kontakt&#8220;<\/a><\/strong><\/p>\n<p>&nbsp;<\/p>\n<h3>&#8222;Es gibt weder Sch\u00f6pfung noch Zerst\u00f6rung, weder Schicksal noch freien Willen, weder einen Weg noch ein Ankommen. <em>Das ist die endg\u00fcltige Wahrheit.<\/em>&#8220;\u00a0 \u00a0(Ramana Maharshi)<\/h3>\n<p>&nbsp;<\/p>","excerpt":"","slug":"sat-sang-aufwachen-heilung-freiheit-sich-selber-sein-5","image":{"url":"https:\/\/www.ursheld.ch\/ursheld\/wp-content\/uploads\/2017\/12\/2017-11-14-10.25.43-1.jpg","id":3351,"extension":"jpg","width":4032,"height":3024,"sizes":{"thumbnail":{"width":80,"height":80,"mime-type":"image\/jpeg","url":"https:\/\/www.ursheld.ch\/ursheld\/wp-content\/uploads\/2017\/12\/2017-11-14-10.25.43-1-80x80.jpg"},"medium":{"width":300,"height":225,"mime-type":"image\/jpeg","url":"https:\/\/www.ursheld.ch\/ursheld\/wp-content\/uploads\/2017\/12\/2017-11-14-10.25.43-1-300x225.jpg"},"medium_large":{"width":768,"height":576,"mime-type":"image\/jpeg","url":"https:\/\/www.ursheld.ch\/ursheld\/wp-content\/uploads\/2017\/12\/2017-11-14-10.25.43-1-768x576.jpg"},"large":{"width":1030,"height":773,"mime-type":"image\/jpeg","url":"https:\/\/www.ursheld.ch\/ursheld\/wp-content\/uploads\/2017\/12\/2017-11-14-10.25.43-1-1030x773.jpg"},"widget":{"width":36,"height":36,"mime-type":"image\/jpeg","url":"https:\/\/www.ursheld.ch\/ursheld\/wp-content\/uploads\/2017\/12\/2017-11-14-10.25.43-1-36x36.jpg"},"square":{"width":180,"height":180,"mime-type":"image\/jpeg","url":"https:\/\/www.ursheld.ch\/ursheld\/wp-content\/uploads\/2017\/12\/2017-11-14-10.25.43-1-180x180.jpg"},"featured":{"width":1500,"height":430,"mime-type":"image\/jpeg","url":"https:\/\/www.ursheld.ch\/ursheld\/wp-content\/uploads\/2017\/12\/2017-11-14-10.25.43-1-1500x430.jpg"},"featured_large":{"width":1500,"height":630,"mime-type":"image\/jpeg","url":"https:\/\/www.ursheld.ch\/ursheld\/wp-content\/uploads\/2017\/12\/2017-11-14-10.25.43-1-1500x630.jpg"},"extra_large":{"width":1500,"height":1125,"mime-type":"image\/jpeg","url":"https:\/\/www.ursheld.ch\/ursheld\/wp-content\/uploads\/2017\/12\/2017-11-14-10.25.43-1-1500x1125.jpg"},"portfolio":{"width":495,"height":400,"mime-type":"image\/jpeg","url":"https:\/\/www.ursheld.ch\/ursheld\/wp-content\/uploads\/2017\/12\/2017-11-14-10.25.43-1-495x400.jpg"},"portfolio_small":{"width":260,"height":185,"mime-type":"image\/jpeg","url":"https:\/\/www.ursheld.ch\/ursheld\/wp-content\/uploads\/2017\/12\/2017-11-14-10.25.43-1-260x185.jpg"},"gallery":{"width":845,"height":684,"mime-type":"image\/jpeg","url":"https:\/\/www.ursheld.ch\/ursheld\/wp-content\/uploads\/2017\/12\/2017-11-14-10.25.43-1-845x684.jpg"},"magazine":{"width":710,"height":375,"mime-type":"image\/jpeg","url":"https:\/\/www.ursheld.ch\/ursheld\/wp-content\/uploads\/2017\/12\/2017-11-14-10.25.43-1-710x375.jpg"},"masonry":{"width":705,"height":529,"mime-type":"image\/jpeg","url":"https:\/\/www.ursheld.ch\/ursheld\/wp-content\/uploads\/2017\/12\/2017-11-14-10.25.43-1-705x529.jpg"},"entry_with_sidebar":{"width":845,"height":321,"mime-type":"image\/jpeg","url":"https:\/\/www.ursheld.ch\/ursheld\/wp-content\/uploads\/2017\/12\/2017-11-14-10.25.43-1-845x321.jpg"},"entry_without_sidebar":{"width":1210,"height":423,"mime-type":"image\/jpeg","url":"https:\/\/www.ursheld.ch\/ursheld\/wp-content\/uploads\/2017\/12\/2017-11-14-10.25.43-1-1210x423.jpg"},"shop_thumbnail":{"width":120,"height":120,"mime-type":"image\/jpeg","url":"https:\/\/www.ursheld.ch\/ursheld\/wp-content\/uploads\/2017\/12\/2017-11-14-10.25.43-1-120x120.jpg"},"shop_catalog":{"width":450,"height":450,"mime-type":"image\/jpeg","url":"https:\/\/www.ursheld.ch\/ursheld\/wp-content\/uploads\/2017\/12\/2017-11-14-10.25.43-1-450x450.jpg"},"shop_single":{"width":450,"height":338,"mime-type":"image\/jpeg","url":"https:\/\/www.ursheld.ch\/ursheld\/wp-content\/uploads\/2017\/12\/2017-11-14-10.25.43-1-450x338.jpg"}}},"all_day":false,"start_date":"2018-11-02 19:00:00","start_date_details":{"year":"2018","month":"11","day":"02","hour":"19","minutes":"00","seconds":"00"},"end_date":"2018-11-05 13:30:00","end_date_details":{"year":"2018","month":"11","day":"05","hour":"13","minutes":"30","seconds":"00"},"utc_start_date":"2018-11-02 18:00:00","utc_start_date_details":{"year":"2018","month":"11","day":"02","hour":"18","minutes":"00","seconds":"00"},"utc_end_date":"2018-11-05 12:30:00","utc_end_date_details":{"year":"2018","month":"11","day":"05","hour":"12","minutes":"30","seconds":"00"},"timezone":"Europe\/Zurich","timezone_abbr":"CET","cost":"Sfr.45 \u2013 Sfr.450","cost_details":{"currency_symbol":"Sfr.","currency_code":"","currency_position":"prefix","values":["45","390","450"]},"website":"www.ursheld.ch","show_map":true,"show_map_link":true,"hide_from_listings":false,"sticky":false,"featured":false,"categories":[{"name":"Sat Sang","slug":"sat-sang","term_group":0,"term_taxonomy_id":51,"taxonomy":"tribe_events_cat","description":"","parent":0,"count":21,"filter":"raw","id":51,"urls":{"self":"https:\/\/www.ursheld.ch\/ursheld\/wp-json\/tribe\/events\/v1\/categories\/51","collection":"https:\/\/www.ursheld.ch\/ursheld\/wp-json\/tribe\/events\/v1\/categories"}}],"tags":[],"venue":{"id":778,"author":"1","status":"publish","date":"2016-01-20 17:14:23","date_utc":"2016-01-20 16:14:23","modified":"2023-07-01 15:24:52","modified_utc":"2023-07-01 13:24:52","url":"https:\/\/www.ursheld.ch\/ursheld\/veranstaltungsort\/haus-zur-mitte\/","venue":"&#8222;platz440.com&#8220; &#8211; Kraftort \u00fcber dem Bodensee","slug":"haus-zur-mitte","address":"Platz 221","city":"Walzenhausen","country":"Schweiz","province":"AR","state":"AR","zip":"9428","phone":"079 753 53 05","website":"https:\/\/platz440.com\/","stateprovince":"AR","json_ld":{"@type":"Place","name":"&#8222;platz440.com&#8220; &#8211; Kraftort \u00fcber dem Bodensee","description":"","url":"","address":{"@type":"PostalAddress","streetAddress":"Platz 221","addressLocality":"Walzenhausen","addressRegion":"AR","postalCode":"9428","addressCountry":"Schweiz"},"telephone":"079 753 53 05","sameAs":"https:\/\/platz440.com\/"},"show_map":true,"show_map_link":true,"global_id":"www.ursheld.ch\/ursheld?id=778","global_id_lineage":["www.ursheld.ch\/ursheld?id=778"]},"organizer":[{"id":4852,"author":"2","status":"publish","date":"2018-08-10 08:28:40","date_utc":"2018-08-10 06:28:40","modified":"2019-02-12 20:26:57","modified_utc":"2019-02-12 19:26:57","url":"https:\/\/www.ursheld.ch\/ursheld\/veranstalter\/urs-held-2\/","organizer":"Urs Held","slug":"urs-held-2","phone":"+41 79 753 53 05","website":"www.ursheld.ch","email":"urs@ursheld.ch","json_ld":{"@type":"Person","name":"Urs Held","description":"","url":"http:\/\/www.ursheld.ch","telephone":"+41 79 753 53 05","email":"&#117;rs&#64;&#117;&#114;&#115;&#104;e&#108;d.ch","sameAs":"http:\/\/www.ursheld.ch"},"global_id":"www.ursheld.ch\/ursheld?id=4852","global_id_lineage":["www.ursheld.ch\/ursheld?id=4852"]}],"custom_fields":[],"json_ld":{"@context":"http:\/\/schema.org","@type":"Event","name":"DU  BIST    \u2013   Freiheit  .  Liebe  .  Weisheit  .  Gewahrsein","description":"&lt;p&gt;Entfalte\u00a0die Sch\u00f6nheit des reinen Bewusstsein Satsang - Sich einlassen auf die Wirklichkeit - Sein in der Wahrheit\u00a0 Spirituelles Erwachen - Heilen - Potenzialentfaltung -\u00a0Lebensaufgabe - JA! zum Leben - sich [&hellip;]&lt;\/p&gt;\\n","image":"https:\/\/www.ursheld.ch\/ursheld\/wp-content\/uploads\/2017\/12\/2017-11-14-10.25.43-1.jpg","url":"https:\/\/www.ursheld.ch\/ursheld\/event\/sat-sang-aufwachen-heilung-freiheit-sich-selber-sein-5\/","eventAttendanceMode":"https:\/\/schema.org\/OfflineEventAttendanceMode","eventStatus":"https:\/\/schema.org\/EventScheduled","startDate":"2018-11-02T19:00:00+01:00","endDate":"2018-11-05T13:30:00+01:00","location":{"@type":"Place","name":"&#8222;platz440.com&#8220; &#8211; Kraftort \u00fcber dem Bodensee","description":"","url":"","address":{"@type":"PostalAddress","streetAddress":"Platz 221","addressLocality":"Walzenhausen","addressRegion":"AR","postalCode":"9428","addressCountry":"Schweiz"},"telephone":"079 753 53 05","sameAs":"https:\/\/platz440.com\/"},"organizer":{"@type":"Person","name":"Urs Held","description":"","url":"http:\/\/www.ursheld.ch","telephone":"+41 79 753 53 05","email":"&#117;r&#115;&#64;u&#114;&#115;&#104;&#101;l&#100;&#46;&#99;&#104;","sameAs":"http:\/\/www.ursheld.ch"},"offers":{"@type":"Offer","price":"45 \u2013 450","priceCurrency":"USD","url":"https:\/\/www.ursheld.ch\/ursheld\/event\/sat-sang-aufwachen-heilung-freiheit-sich-selber-sein-5\/","category":"primary","availability":"inStock","validFrom":"1970-01-01T00:00:00+00:00"},"performer":"Organization"}}