{"id":3779,"global_id":"www.ursheld.ch\/ursheld?id=3779","global_id_lineage":["www.ursheld.ch\/ursheld?id=3779"],"author":"2","status":"publish","date":"2017-12-14 07:53:35","date_utc":"2017-12-14 06:53:35","modified":"2017-12-21 14:21:29","modified_utc":"2017-12-21 13:21:29","url":"https:\/\/www.ursheld.ch\/ursheld\/event\/integraler-lehrgang-fuer-lebens-unternehmer-und-fuehrungskraefte\/","rest_url":"https:\/\/www.ursheld.ch\/ursheld\/wp-json\/tribe\/events\/v1\/events\/3779","title":"Integraler Lehrgang f\u00fcr Lebens-Unternehmer und F\u00fchrungskr\u00e4fte","description":"<p><strong>Klicken Sie bitte auf den Titel des Lehrgangs und Sie gelangen direkt auf die website des Veranstalters. Herzlichen Dank.\u00a0<\/strong><\/p>\n<p>&nbsp;<\/p>\n<div class='avia-iframe-wrap'>\n<blockquote class=\"wp-embedded-content\" data-secret=\"RfvawMxaUK\"><p><a href=\"http:\/\/www.meinziel.ch\/lehrgang\/integraler-lehrgang-fuer-lebens-unternehmer-und-fuehrungskraefte\/\">Integraler Lehrgang f\u00fcr Lebens-Unternehmer und F\u00fchrungskr\u00e4fte<\/a><\/p><\/blockquote>\n<p><iframe loading=\"lazy\" class=\"wp-embedded-content\" sandbox=\"allow-scripts\" security=\"restricted\" style=\"position: absolute; clip: rect(1px, 1px, 1px, 1px);\" src=\"http:\/\/www.meinziel.ch\/lehrgang\/integraler-lehrgang-fuer-lebens-unternehmer-und-fuehrungskraefte\/embed\/#?secret=RfvawMxaUK\" data-secret=\"RfvawMxaUK\" width=\"600\" height=\"338\" title=\"&#8222;Integraler Lehrgang f\u00fcr Lebens-Unternehmer und F\u00fchrungskr\u00e4fte&#8220; &#8212; meinziel.ch\" frameborder=\"0\" marginwidth=\"0\" marginheight=\"0\" scrolling=\"no\"><\/iframe><\/div>\n<p>&nbsp;<\/p>\n<p>&nbsp;<\/p>","excerpt":"","slug":"integraler-lehrgang-fuer-lebens-unternehmer-und-fuehrungskraefte","image":{"url":"https:\/\/www.ursheld.ch\/ursheld\/wp-content\/uploads\/2017\/01\/raumfuersich-walzenhausen-hauszurmitte-fassade-01.jpg","id":2897,"extension":"jpg","width":1732,"height":1300,"sizes":{"thumbnail":{"width":80,"height":80,"mime-type":"image\/jpeg","url":"https:\/\/www.ursheld.ch\/ursheld\/wp-content\/uploads\/2017\/01\/raumfuersich-walzenhausen-hauszurmitte-fassade-01-80x80.jpg"},"medium":{"width":300,"height":225,"mime-type":"image\/jpeg","url":"https:\/\/www.ursheld.ch\/ursheld\/wp-content\/uploads\/2017\/01\/raumfuersich-walzenhausen-hauszurmitte-fassade-01-300x225.jpg"},"medium_large":{"width":768,"height":576,"mime-type":"image\/jpeg","url":"https:\/\/www.ursheld.ch\/ursheld\/wp-content\/uploads\/2017\/01\/raumfuersich-walzenhausen-hauszurmitte-fassade-01-768x576.jpg"},"large":{"width":1030,"height":773,"mime-type":"image\/jpeg","url":"https:\/\/www.ursheld.ch\/ursheld\/wp-content\/uploads\/2017\/01\/raumfuersich-walzenhausen-hauszurmitte-fassade-01-1030x773.jpg"},"widget":{"width":36,"height":36,"mime-type":"image\/jpeg","url":"https:\/\/www.ursheld.ch\/ursheld\/wp-content\/uploads\/2017\/01\/raumfuersich-walzenhausen-hauszurmitte-fassade-01-36x36.jpg"},"square":{"width":180,"height":180,"mime-type":"image\/jpeg","url":"https:\/\/www.ursheld.ch\/ursheld\/wp-content\/uploads\/2017\/01\/raumfuersich-walzenhausen-hauszurmitte-fassade-01-180x180.jpg"},"featured":{"width":1500,"height":430,"mime-type":"image\/jpeg","url":"https:\/\/www.ursheld.ch\/ursheld\/wp-content\/uploads\/2017\/01\/raumfuersich-walzenhausen-hauszurmitte-fassade-01-1500x430.jpg"},"featured_large":{"width":1500,"height":630,"mime-type":"image\/jpeg","url":"https:\/\/www.ursheld.ch\/ursheld\/wp-content\/uploads\/2017\/01\/raumfuersich-walzenhausen-hauszurmitte-fassade-01-1500x630.jpg"},"extra_large":{"width":1500,"height":1126,"mime-type":"image\/jpeg","url":"https:\/\/www.ursheld.ch\/ursheld\/wp-content\/uploads\/2017\/01\/raumfuersich-walzenhausen-hauszurmitte-fassade-01-1500x1126.jpg"},"portfolio":{"width":495,"height":400,"mime-type":"image\/jpeg","url":"https:\/\/www.ursheld.ch\/ursheld\/wp-content\/uploads\/2017\/01\/raumfuersich-walzenhausen-hauszurmitte-fassade-01-495x400.jpg"},"portfolio_small":{"width":260,"height":185,"mime-type":"image\/jpeg","url":"https:\/\/www.ursheld.ch\/ursheld\/wp-content\/uploads\/2017\/01\/raumfuersich-walzenhausen-hauszurmitte-fassade-01-260x185.jpg"},"gallery":{"width":845,"height":684,"mime-type":"image\/jpeg","url":"https:\/\/www.ursheld.ch\/ursheld\/wp-content\/uploads\/2017\/01\/raumfuersich-walzenhausen-hauszurmitte-fassade-01-845x684.jpg"},"magazine":{"width":710,"height":375,"mime-type":"image\/jpeg","url":"https:\/\/www.ursheld.ch\/ursheld\/wp-content\/uploads\/2017\/01\/raumfuersich-walzenhausen-hauszurmitte-fassade-01-710x375.jpg"},"masonry":{"width":705,"height":529,"mime-type":"image\/jpeg","url":"https:\/\/www.ursheld.ch\/ursheld\/wp-content\/uploads\/2017\/01\/raumfuersich-walzenhausen-hauszurmitte-fassade-01-705x529.jpg"},"entry_with_sidebar":{"width":845,"height":321,"mime-type":"image\/jpeg","url":"https:\/\/www.ursheld.ch\/ursheld\/wp-content\/uploads\/2017\/01\/raumfuersich-walzenhausen-hauszurmitte-fassade-01-845x321.jpg"},"entry_without_sidebar":{"width":1210,"height":423,"mime-type":"image\/jpeg","url":"https:\/\/www.ursheld.ch\/ursheld\/wp-content\/uploads\/2017\/01\/raumfuersich-walzenhausen-hauszurmitte-fassade-01-1210x423.jpg"},"shop_thumbnail":{"width":120,"height":120,"mime-type":"image\/jpeg","url":"https:\/\/www.ursheld.ch\/ursheld\/wp-content\/uploads\/2017\/01\/raumfuersich-walzenhausen-hauszurmitte-fassade-01-120x120.jpg"},"shop_catalog":{"width":450,"height":450,"mime-type":"image\/jpeg","url":"https:\/\/www.ursheld.ch\/ursheld\/wp-content\/uploads\/2017\/01\/raumfuersich-walzenhausen-hauszurmitte-fassade-01-450x450.jpg"},"shop_single":{"width":450,"height":338,"mime-type":"image\/jpeg","url":"https:\/\/www.ursheld.ch\/ursheld\/wp-content\/uploads\/2017\/01\/raumfuersich-walzenhausen-hauszurmitte-fassade-01-450x338.jpg"}}},"all_day":false,"start_date":"2018-08-23 18:00:00","start_date_details":{"year":"2018","month":"08","day":"23","hour":"18","minutes":"00","seconds":"00"},"end_date":"2018-08-25 17:00:00","end_date_details":{"year":"2018","month":"08","day":"25","hour":"17","minutes":"00","seconds":"00"},"utc_start_date":"2018-08-23 16:00:00","utc_start_date_details":{"year":"2018","month":"08","day":"23","hour":"16","minutes":"00","seconds":"00"},"utc_end_date":"2018-08-25 15:00:00","utc_end_date_details":{"year":"2018","month":"08","day":"25","hour":"15","minutes":"00","seconds":"00"},"timezone":"Europe\/Zurich","timezone_abbr":"CEST","cost":"","cost_details":{"currency_symbol":"","currency_code":"","currency_position":"suffix","values":[]},"website":"","show_map":true,"show_map_link":true,"hide_from_listings":false,"sticky":false,"featured":false,"categories":[{"name":"Ausbildung","slug":"ausbildung","term_group":0,"term_taxonomy_id":28,"taxonomy":"tribe_events_cat","description":"","parent":0,"count":29,"filter":"raw","id":28,"urls":{"self":"https:\/\/www.ursheld.ch\/ursheld\/wp-json\/tribe\/events\/v1\/categories\/28","collection":"https:\/\/www.ursheld.ch\/ursheld\/wp-json\/tribe\/events\/v1\/categories"}}],"tags":[],"venue":[],"organizer":[],"custom_fields":[],"json_ld":{"@context":"http:\/\/schema.org","@type":"Event","name":"Integraler Lehrgang f\u00fcr Lebens-Unternehmer und F\u00fchrungskr\u00e4fte","description":"&lt;p&gt;Klicken Sie bitte auf den Titel des Lehrgangs und Sie gelangen direkt auf die website des Veranstalters. Herzlichen Dank.\u00a0 &nbsp; http:\/\/www.meinziel.ch\/lehrgang\/integraler-lehrgang-fuer-lebens-unternehmer-und-fuehrungskraefte\/ &nbsp; &nbsp;&lt;\/p&gt;\\n","image":"https:\/\/www.ursheld.ch\/ursheld\/wp-content\/uploads\/2017\/01\/raumfuersich-walzenhausen-hauszurmitte-fassade-01.jpg","url":"https:\/\/www.ursheld.ch\/ursheld\/event\/integraler-lehrgang-fuer-lebens-unternehmer-und-fuehrungskraefte\/","eventAttendanceMode":"https:\/\/schema.org\/OfflineEventAttendanceMode","eventStatus":"https:\/\/schema.org\/EventScheduled","startDate":"2018-08-23T18:00:00+02:00","endDate":"2018-08-25T17:00:00+02:00","performer":"Organization"}}